{"id":946,"date":"2024-05-16T17:06:34","date_gmt":"2024-05-16T17:06:34","guid":{"rendered":"https:\/\/zijiart.com\/?p=946"},"modified":"2026-01-05T14:15:26","modified_gmt":"2026-01-05T14:15:26","slug":"atelier-24-avril","status":"publish","type":"post","link":"https:\/\/zijiart.com\/?p=946","title":{"rendered":"Ateliers 2026"},"content":{"rendered":"<h1 style=\"text-align: center;\"><span style=\"color: #ff6600;\"><span class=\"\">Asana\u00a0 Pranayama\u00a0 <\/span><span class=\"\">M\u00e9ditation et <span style=\"color: #339966;\">Kriya<\/span><\/span><\/span><\/h1>\n<p style=\"text-align: center;\">&#8230; Ces ateliers sont particuli\u00e8rement d\u00e9di\u00e9s \u00e0 ceux d&rsquo;entre vous qui souhaitent approfondir leur pratique, d\u00e9couvrir le yoga dans tous ses aspects ou qui ne peuvent suivre de cours hebdomadaires. L&rsquo;atelier se partage en trois heures de travail postural, pranayama et m\u00e9ditation ou yoga nidra et parfois un moment d&rsquo;\u00e9change autour d&rsquo;un th\u00e8me propos\u00e9&#8230;<\/p>\n<p style=\"text-align: center;\"><span style=\"color: #993300;\"><strong>\u00a0\u00a0\u00a0\u00a0\u00a0\u00a0\u00a0\u00a0\u00a0\u00a0\u00a0\u00a0\u00a0\u00a0\u00a0\u00a0\u00a0\u00a0\u00a0\u00a0\u00a0\u00a0\u00a0\u00a0\u00a0\u00a0\u00a0\u00a0\u00a0\u00a0\u00a0\u00a0\u00a0\u00a0\u00a0\u00a0\u00a0\u00a0\u00a0\u00a0\u00a0\u00a0\u00a0\u00a0\u00a0\u00a0\u00a0\u00a0\u00a0\u00a0\u00a0\u00a0\u00a0\u00a0\u00a0\u00a0\u00a0\u00a0\u00a0\u00a0\u00a0\u00a0\u00a0\u00a0\u00a0\u00a0\u00a0\u00a0\u00a0\u00a0\u00a0\u00a0\u00a0\u00a0\u00a0\u00a0 <\/strong><\/span><span style=\"color: #993300;\"><strong>\u00a0 \u00a0 \u00a0 \u00a0 \u00a0 \u00a0 \u00a0 \u00a0 \u00a0 \u00a0 \u00a0 \u00a0 \u00a0 \u00a0 \u00a0 \u00a0 \u00a0 \u00a0 \u00a0 \u00a0 \u00a0 \u00a0 \u00a0 \u00a0 \u00a0 \u00a0 \u00a0 \u00a0 \u00a0 \u00a0 \u00a0 \u00a0 \u00a0 \u00a0 \u00a0 \u00a0 \u00a0 \u00a0 \u00a0 \u00a0 \u00a0 \u00a0 \u00a0 \u00a0 \u00a0 \u00a0 \u00a0 \u00a0 \u00a0 \u00a0 \u00a0 \u00a0 \u00a0 \u00a0 \u00a0 \u00a0 \u00a0 \u00a0 \u00a0 \u00a0 \u00a0 \u00a0 \u00a0 \u00a0 \u00a0 \u00a0 \u00a0 \u00a0 \u00a0 \u00a0 \u00a0<\/strong><\/span><strong><span style=\"color: #ff6600;\"><span class=\"\" style=\"color: #339966;\">Le dimanche <\/span><\/span><\/strong><\/p>\n<p style=\"text-align: center;\"><strong><span style=\"color: #800000;\"><span style=\"color: #666699;\">18 janvier\/15 f\u00e9vrier\/ 15 mars 2026 <\/span><\/span><\/strong><\/p>\n<p style=\"text-align: center;\"><strong><span style=\"color: #ff6600;\"><span class=\"\"><span style=\"color: #339966;\">de 9h45 \u00e0 13h00 &#8211; <\/span><\/span><\/span><\/strong><strong><span class=\"\" style=\"color: #339966;\">68 rue de la Folie M\u00e9ricourt <\/span><\/strong><span class=\"\" style=\"color: #33cccc;\"><strong><span style=\"color: #339966;\">75011 Paris\u00a0<\/span><\/strong><\/span><\/p>\n<h4 style=\"text-align: center;\"><span class=\"\" style=\"color: #ff0000;\">Tarif : 45\u20ac &#8211; <\/span><span style=\"color: #ff6600;\"><strong>\u00e9tudiant: 32 \u20ac<\/strong><\/span><\/h4>\n<div class=\"\" style=\"text-align: center;\">\n<div class=\"separator\"><img loading=\"lazy\" decoding=\"async\" class=\"aligncenter\" src=\"https:\/\/3.bp.blogspot.com\/-tlsvCUvPOIc\/XAwRtXz4UQI\/AAAAAAAAAog\/EOeCtW9iKkExX55ntHF8R48Wka7yXi1LACPcBGAYYCw\/s1600\/image%2Byoga.png\" alt=\"\" width=\"136\" height=\"206\" border=\"0\" data-original-height=\"206\" data-original-width=\"136\" \/><\/div>\n<\/div>\n<h4 style=\"text-align: center;\"><\/h4>\n<p style=\"text-align: center;\"><span class=\"\">Le travail propos\u00e9 permet d&rsquo;aborder le yoga selon nos propres capacit\u00e9s, de d\u00e9couvrir pourquoi et comment nous nous limitons mais aussi de r\u00e9aliser la profondeur sans fin de notre exp\u00e9rience. Nul besoin d&rsquo;\u00eatre souple chacun travaillant \u00e0 son propre niveau, l&rsquo;approche est progressive et soutenue par une compr\u00e9hension de la m\u00e9canique du corps. <em>Les ateliers sont ouverts \u00e0 tous il est n\u00e9cessaire d<span class=\"\" style=\"font-family: trebuchet;\">\u2019<\/span>avoir au moins pratiqu\u00e9 le yoga pendant 6 mois.<\/em><\/span><\/p>\n<div class=\"\" style=\"text-align: center;\"><\/div>\n<div class=\"\" style=\"text-align: center;\"><span class=\"\">Le yoga et la m\u00e9ditation permettent de d\u00e9faire les fixations du mental discursif, au del\u00e0 de la lib\u00e9ration de nos tensions on s\u2019aper\u00e7oit vite que l\u2019on a un \u00e9norme potentiel qui ne demande qu\u2019\u00e0 \u00eatre \u00e9veill\u00e9 !<\/span><\/div>\n<div class=\"\" style=\"text-align: center;\"><span class=\"\">\u00a0<\/span><\/div>\n<div class=\"\" style=\"text-align: center;\"><span class=\"\"><b class=\"\">Veuillez manger tr\u00e8s l\u00e9ger au moins une heure trente avant la pratique et m&rsquo;informer de vos probl\u00e8mes de sant\u00e9<\/b><\/span><\/div>\n<div class=\"\" style=\"text-align: center;\"><b class=\"\"><span class=\"\">\u00a0<\/span><\/b><\/div>\n<div class=\"\" style=\"text-align: center;\"><span class=\"\">\u00a0<\/span><\/div>\n<div class=\"\" style=\"text-align: center;\"><span class=\"\" style=\"color: #ff0000;\"><i class=\"\"><b class=\"\"><u class=\"\">\u00e0 lire attentivement<\/u>\u00a0<\/b><\/i><\/span><\/div>\n<div class=\"\" style=\"text-align: center;\"><span class=\"\"><b class=\"\">\u00a0<\/b><\/span><\/div>\n<div class=\"\">\n<p><span class=\"\">Votre inscription ne sera prise en compte qu&rsquo;apr\u00e8s r\u00e9ception de 15 euros d&rsquo;arrhes -qui en cas d&rsquo;annulation du stage seront rembours\u00e9es-\u00a0 A me remettre au cours&#8230;ou par virement.\u00a0 <br class=\"\" \/><\/span><\/p>\n<div class=\"\" style=\"text-align: center;\"><span class=\"\">Merci de pr\u00e9venir de votre absence, m\u00eame au dernier moment des gens sur liste d&rsquo;attente peuvent \u00eatre int\u00e9ress\u00e9s et vos arrhes rembours\u00e9es.\u00a0<\/span><\/div>\n<div class=\"\" style=\"text-align: center;\"><span class=\"\">et de bien vouloir payer par ch\u00e8que ou virement, libell\u00e9 <b class=\"\"><u class=\"\">association ziji.art<\/u>.<\/b><\/span><\/div>\n<div><\/div>\n<\/div>\n<div style=\"text-align: center;\"><\/div>\n","protected":false},"excerpt":{"rendered":"<p>Asana\u00a0 Pranayama\u00a0 M\u00e9ditation et Kriya &#8230; Ces ateliers sont particuli\u00e8rement d\u00e9di\u00e9s \u00e0 ceux d&rsquo;entre vous qui souhaitent approfondir leur pratique, d\u00e9couvrir le yoga dans tous ses aspects ou qui ne peuvent suivre de cours hebdomadaires. L&rsquo;atelier se partage en trois heures de travail postural, pranayama et m\u00e9ditation ou yoga nidra et parfois un moment d&rsquo;\u00e9change autour d&rsquo;un th\u00e8me propos\u00e9&#8230; \u00a0\u00a0\u00a0\u00a0\u00a0\u00a0\u00a0\u00a0\u00a0\u00a0\u00a0\u00a0\u00a0\u00a0\u00a0\u00a0\u00a0\u00a0\u00a0\u00a0\u00a0\u00a0\u00a0\u00a0\u00a0\u00a0\u00a0\u00a0\u00a0\u00a0\u00a0\u00a0\u00a0\u00a0\u00a0\u00a0\u00a0\u00a0\u00a0\u00a0\u00a0\u00a0\u00a0\u00a0\u00a0\u00a0\u00a0\u00a0\u00a0\u00a0\u00a0\u00a0\u00a0\u00a0\u00a0\u00a0\u00a0\u00a0\u00a0\u00a0\u00a0\u00a0\u00a0\u00a0\u00a0\u00a0\u00a0\u00a0\u00a0\u00a0\u00a0\u00a0\u00a0\u00a0\u00a0\u00a0 \u00a0 \u00a0 \u00a0 \u00a0 \u00a0 \u00a0 \u00a0 \u00a0 \u00a0 \u00a0 \u00a0 \u00a0 \u00a0 \u00a0 \u00a0 \u00a0 \u00a0 \u00a0 \u00a0 \u00a0 \u00a0 \u00a0 \u00a0 \u00a0 \u00a0 \u00a0 \u00a0 \u00a0 \u00a0 \u00a0 \u00a0 \u00a0 \u00a0 \u00a0 \u00a0 \u00a0 \u00a0 \u00a0 \u00a0 \u00a0 \u00a0 \u00a0 \u00a0 \u00a0 \u00a0 \u00a0 \u00a0 \u00a0 \u00a0 \u00a0 \u00a0 \u00a0 \u00a0 \u00a0 \u00a0 \u00a0 \u00a0 \u00a0 \u00a0 \u00a0 \u00a0 \u00a0 \u00a0 \u00a0 \u00a0 \u00a0 \u00a0 \u00a0 \u00a0 \u00a0 \u00a0Le dimanche 18 janvier\/15 f\u00e9vrier\/ 15 mars 2026 de 9h45 \u00e0 13h00 &#8211; 68 rue de la Folie M\u00e9ricourt 75011 Paris\u00a0 Tarif : 45\u20ac &#8211; \u00e9tudiant: 32 \u20ac Le travail propos\u00e9 permet d&rsquo;aborder le yoga selon nos propres capacit\u00e9s, de d\u00e9couvrir pourquoi et comment nous nous limitons mais aussi de r\u00e9aliser la profondeur sans fin de notre exp\u00e9rience. Nul besoin d&rsquo;\u00eatre souple chacun travaillant \u00e0 son propre niveau, l&rsquo;approche est progressive et soutenue par une compr\u00e9hension de la m\u00e9canique du corps. Les ateliers sont ouverts \u00e0 tous il est n\u00e9cessaire d\u2019avoir au moins pratiqu\u00e9 le yoga pendant 6 mois. Le yoga et la m\u00e9ditation permettent de d\u00e9faire les fixations du mental discursif, au del\u00e0 de la lib\u00e9ration de nos tensions on s\u2019aper\u00e7oit vite que l\u2019on a un \u00e9norme potentiel qui ne demande qu\u2019\u00e0 \u00eatre \u00e9veill\u00e9 ! \u00a0 Veuillez manger tr\u00e8s l\u00e9ger au moins une heure trente avant la pratique et m&rsquo;informer de vos probl\u00e8mes de sant\u00e9 \u00a0 \u00a0 \u00e0 lire attentivement\u00a0 \u00a0 Votre inscription ne sera prise en compte qu&rsquo;apr\u00e8s r\u00e9ception de 15 euros d&rsquo;arrhes -qui en cas d&rsquo;annulation du stage seront rembours\u00e9es-\u00a0 A me remettre au cours&#8230;ou par virement.\u00a0 Merci de pr\u00e9venir de votre absence, m\u00eame au dernier moment des gens sur liste d&rsquo;attente peuvent \u00eatre int\u00e9ress\u00e9s et vos arrhes rembours\u00e9es.\u00a0 et de bien vouloir payer par ch\u00e8que ou virement, libell\u00e9 association ziji.art.<\/p>\n","protected":false},"author":2,"featured_media":0,"comment_status":"closed","ping_status":"closed","sticky":true,"template":"","format":"standard","meta":{"footnotes":""},"categories":[1],"tags":[],"class_list":["post-946","post","type-post","status-publish","format-standard","hentry","category-yoga"],"_links":{"self":[{"href":"https:\/\/zijiart.com\/index.php?rest_route=\/wp\/v2\/posts\/946","targetHints":{"allow":["GET"]}}],"collection":[{"href":"https:\/\/zijiart.com\/index.php?rest_route=\/wp\/v2\/posts"}],"about":[{"href":"https:\/\/zijiart.com\/index.php?rest_route=\/wp\/v2\/types\/post"}],"author":[{"embeddable":true,"href":"https:\/\/zijiart.com\/index.php?rest_route=\/wp\/v2\/users\/2"}],"replies":[{"embeddable":true,"href":"https:\/\/zijiart.com\/index.php?rest_route=%2Fwp%2Fv2%2Fcomments&post=946"}],"version-history":[{"count":51,"href":"https:\/\/zijiart.com\/index.php?rest_route=\/wp\/v2\/posts\/946\/revisions"}],"predecessor-version":[{"id":2244,"href":"https:\/\/zijiart.com\/index.php?rest_route=\/wp\/v2\/posts\/946\/revisions\/2244"}],"wp:attachment":[{"href":"https:\/\/zijiart.com\/index.php?rest_route=%2Fwp%2Fv2%2Fmedia&parent=946"}],"wp:term":[{"taxonomy":"category","embeddable":true,"href":"https:\/\/zijiart.com\/index.php?rest_route=%2Fwp%2Fv2%2Fcategories&post=946"},{"taxonomy":"post_tag","embeddable":true,"href":"https:\/\/zijiart.com\/index.php?rest_route=%2Fwp%2Fv2%2Ftags&post=946"}],"curies":[{"name":"wp","href":"https:\/\/api.w.org\/{rel}","templated":true}]}}