{"id":620,"date":"2016-08-20T17:51:07","date_gmt":"2016-08-20T17:51:07","guid":{"rendered":"http:\/\/zijiart.com\/?p=620"},"modified":"2023-07-27T19:01:36","modified_gmt":"2023-07-27T19:01:36","slug":"ralentir-et-voir-46-novembre-2016","status":"publish","type":"post","link":"https:\/\/zijiart.com\/?p=620","title":{"rendered":"Esprit de groupe, esprit de choeur  2016\/2017 cours&#038;ateliers"},"content":{"rendered":"<p><img loading=\"lazy\" decoding=\"async\" class=\"alignleft size-thumbnail wp-image-548\" src=\"https:\/\/zijiart.com\/wp-content\/uploads\/2015\/07\/33-155x155.jpg\" alt=\"\" width=\"155\" height=\"155\" \/><\/p>\n<p><strong>\u00abEsprit de groupe, esprit de choeur\u00bb<\/strong><\/p>\n<p><strong>enseign\u00e9 par Florence Derail\u00a0<\/strong><\/p>\n<p>Voici le nouveau planning &amp; tarifs d&rsquo;esprit de groupe, esprit de choeur qui combinera atelier et\/ou cours du soir. Afin de pouvoir satisfaire le plus grand nombre j&rsquo;ai jongl\u00e9 cette ann\u00e9e entre week end mercredi et vendredi soir. J&rsquo;esp\u00e8re que vous y trouverez votre compte. A tr\u00e8s vite ! Merci de vous inscrire \u00e0 cette adresse : eveil.factory@gmail.com<\/p>\n<p>Dans un esprit de jeu et d&rsquo;\u00e9change nous continuons cette ann\u00e9e \u00e0 explorer ce que signifie \u00eatre ensemble, communiquer de mani\u00e8re satisfaisante en \u00e9tant pleinement nous m\u00eames, pr\u00e9sents et ouverts.<\/p>\n<p>La m\u00e9ditation est le fondement et la porte d\u2019entr\u00e9e pour percevoir directement nos sens, et donc pour atteindre une communication r\u00e9elle avec notre monde. Nous sommes habitu\u00e9s \u00e0 fonder nos choix sur des sch\u00e9mas d\u2019habitude, sans cesse acceptant ou rejetant les situations. Mais quand nous prenons de la distance avec ces sch\u00e9mas, on peut voir le monde directement et permettre \u00e0 des actions spontan\u00e9es de surgir, nous pouvons \u00eatre inspir\u00e9s, en contact avec notre humanit\u00e9 et d&rsquo;immenses ressources d&rsquo;intelligence et de coeur. Collaborer devient \u00e9vident. Et nous pourrions m\u00eame \u00eatre cr\u00e9atifs !<\/p>\n<p>Nous nous entrainerons donc \u00e0 regarder, \u00e0 \u00e9couter, \u00e0 \u00eatre pr\u00e9sents, \u00e0 sentir, \u00e0 \u00eatre pr\u00eats, \u00e0 \u00eatre ensemble, nous explorerons le rapport de l&rsquo;esprit et du corps, de l&rsquo;esprit et de la parole, la voix, les mots, le mouvement notre interaction avec les autres. Nous examinerons les facettes de notre exp\u00e9rience pr\u00e9 conceptuelle, notre motivation. Quelles \u00e9motions influencent ou recouvrent cette exp\u00e9rience directe? Nous approfondirons la connaissance de notre esprit en relation avec le monde.<\/p>\n<p>Esprit de groupe, esprit de choeur est ouvert \u00e0 tous ceux qui veulent bien s&rsquo;ouvrir \u00e0 l&rsquo;inconnu, \u00eatre curieux et s&rsquo;articulera autour de plusieurs rendez vous :<\/p>\n<h3><strong>cycle complet automne \/ hiver<\/strong><\/h3>\n<p>tarif : 80\u20ac<\/p>\n<p>vendredi 4\/11 : 19h30 &#8211; 21h30<br \/>\nsamedi 5\/11 : 14h00 &#8211; 18H00<br \/>\ndimanche 6\/11 : 14h00 &#8211; 18h00<br \/>\nmercredis 23\/11 &#8211; 25\/01\/2017 : 19h30 &#8211; 21h30<\/p>\n<p><strong>A la carte<\/strong> :<br \/>\n<em>Atelier<\/em> 4\/5\/6 novembre<br \/>\n<strong>Ralentir et voir, conscience en \u00e9veil<\/strong> tarif 65 euros<br \/>\nDans cet atelier nous cr\u00e9erons des ponts entre la m\u00e9ditation et notre vie, nous questionnerons entre autre notre d\u00e9sir d&rsquo;harmonie, de paix et la pression, le speed de la vie en soci\u00e9t\u00e9, au travail, en famille&#8230;On aimerait bien ralentir, \u00eatre plus attentifs, plus aimant mais comment s&rsquo;y prendre? On voudrait bien \u00eatre plus proche de soi, plus cr\u00e9atifs, mais nous n&rsquo;avons pas le temps&#8230;! Nous examinerons ce \u00ab\u00a0mais\u00a0\u00bb tout en consid\u00e9rant notre rapport au monde et nos \u00e9tats d&rsquo;esprits&#8230;plus sur https:\/\/paris.shambhala.fr<\/p>\n<p>mercredis 23\/11 et 25\/01, vendredi 4\/11 : 20\u20ac chaque cours<br \/>\n<strong>Cours<\/strong> M\u00e9ditation en action, la pratique consistera \u00e0 synchroniser corps, sensation et conscience, \u00e0 nous \u00e9veiller \u00e0 l&rsquo;espace mais aussi \u00e0 reconna\u00eetre notre fa\u00e7on d\u2018\u00eatre dans un groupe et appr\u00e9cier la communication par le jeu, les sens, le corps, l\u2019improvisation de mouvements, la voix, les mots&#8230; \u00e0 incarner qui nous sommes, \u00e0 nous accorder joyeusement.<\/p>\n<p><strong>Une histoire \u00e0 raconter<\/strong> : Deux s\u00e9ances de 4h seront propos\u00e9es au printemps, le samedi matin en compl\u00e9ment des cours du soir et seront consacr\u00e9es \u00e0 l&rsquo;\u00e9laboration d&rsquo;un projet collectif o\u00f9 seront sollicit\u00e9s votre imaginaire, votre cr\u00e9ativit\u00e9 et le jeu th\u00e9\u00e2tral et vocal<\/p>\n<p><strong>Caf\u00e9 concert<\/strong><\/p>\n<p>Une fois par mois \u00e0 partir du mois de novembre de 18h \u00e0 19h30, les 20\/11- 12\/03\/17- 5\/06\/17<br \/>\n\u00e0 la suite des nyint\u00fcns (journ\u00e9es de m\u00e9ditation),d&rsquo;autres dates seront propos\u00e9es ult\u00e9rieurement)<br \/>\nvous \u00eates convi\u00e9s \u00e0 venir vous amuser en chansons.<\/p>\n<p>Nul besoin de savoir chanter, nous chanterons en groupe, n\u2019h\u00e9sitez pas \u00e0 apporter des paroles ou votre instrument pour accompagner.<\/p>\n<p>Entr\u00e9e libre<\/p>\n<p>&nbsp;<\/p>\n","protected":false},"excerpt":{"rendered":"<p>\u00abEsprit de groupe, esprit de choeur\u00bb enseign\u00e9 par Florence Derail\u00a0 Voici le nouveau planning &amp; tarifs d&rsquo;esprit de groupe, esprit de choeur qui combinera atelier et\/ou cours du soir. Afin de pouvoir satisfaire le plus grand nombre j&rsquo;ai jongl\u00e9 cette ann\u00e9e entre week end mercredi et vendredi soir. J&rsquo;esp\u00e8re que vous y trouverez votre compte. A tr\u00e8s vite ! Merci de vous inscrire \u00e0 cette adresse : eveil.factory@gmail.com Dans un esprit de jeu et d&rsquo;\u00e9change nous continuons cette ann\u00e9e \u00e0 explorer ce que signifie \u00eatre ensemble, communiquer de mani\u00e8re satisfaisante en \u00e9tant pleinement nous m\u00eames, pr\u00e9sents et ouverts. La m\u00e9ditation est le fondement et la porte d\u2019entr\u00e9e pour percevoir directement nos sens, et donc pour atteindre une communication r\u00e9elle avec notre monde. Nous sommes habitu\u00e9s \u00e0 fonder nos choix sur des sch\u00e9mas d\u2019habitude, sans cesse acceptant ou rejetant les situations. Mais quand nous prenons de la distance avec ces sch\u00e9mas, on peut voir le monde directement et permettre \u00e0 des actions spontan\u00e9es de surgir, nous pouvons \u00eatre inspir\u00e9s, en contact avec notre humanit\u00e9 et d&rsquo;immenses ressources d&rsquo;intelligence et de coeur. Collaborer devient \u00e9vident. Et nous pourrions m\u00eame \u00eatre cr\u00e9atifs ! Nous nous entrainerons donc \u00e0 regarder, \u00e0 \u00e9couter, \u00e0 \u00eatre pr\u00e9sents, \u00e0 sentir, \u00e0 \u00eatre pr\u00eats, \u00e0 \u00eatre ensemble, nous explorerons le rapport de l&rsquo;esprit et du corps, de l&rsquo;esprit et de la parole, la voix, les mots, le mouvement notre interaction avec les autres. Nous examinerons les facettes de notre exp\u00e9rience pr\u00e9 conceptuelle, notre motivation. Quelles \u00e9motions influencent ou recouvrent cette exp\u00e9rience directe? Nous approfondirons la connaissance de notre esprit en relation avec le monde. Esprit de groupe, esprit de choeur est ouvert \u00e0 tous ceux qui veulent bien s&rsquo;ouvrir \u00e0 l&rsquo;inconnu, \u00eatre curieux et s&rsquo;articulera autour de plusieurs rendez vous : cycle complet automne \/ hiver tarif : 80\u20ac vendredi 4\/11 : 19h30 &#8211; 21h30 samedi 5\/11 : 14h00 &#8211; 18H00 dimanche 6\/11 : 14h00 &#8211; 18h00 mercredis 23\/11 &#8211; 25\/01\/2017 : 19h30 &#8211; 21h30 A la carte : Atelier 4\/5\/6 novembre Ralentir et voir, conscience en \u00e9veil tarif 65 euros Dans cet atelier nous cr\u00e9erons des ponts entre la m\u00e9ditation et notre vie, nous questionnerons entre autre notre d\u00e9sir d&rsquo;harmonie, de paix et la pression, le speed de la vie en soci\u00e9t\u00e9, au travail, en famille&#8230;On aimerait bien ralentir, \u00eatre plus attentifs, plus aimant mais comment s&rsquo;y prendre? On voudrait bien \u00eatre plus proche de soi, plus cr\u00e9atifs, mais nous n&rsquo;avons pas le temps&#8230;! Nous examinerons ce \u00ab\u00a0mais\u00a0\u00bb tout en consid\u00e9rant notre rapport au monde et nos \u00e9tats d&rsquo;esprits&#8230;plus sur https:\/\/paris.shambhala.fr mercredis 23\/11 et 25\/01, vendredi 4\/11 : 20\u20ac chaque cours Cours M\u00e9ditation en action, la pratique consistera \u00e0 synchroniser corps, sensation et conscience, \u00e0 nous \u00e9veiller \u00e0 l&rsquo;espace mais aussi \u00e0 reconna\u00eetre notre fa\u00e7on d\u2018\u00eatre dans un groupe et appr\u00e9cier la communication par le jeu, les sens, le corps, l\u2019improvisation de mouvements, la voix, les mots&#8230; \u00e0 incarner qui nous sommes, \u00e0 nous accorder joyeusement. Une histoire \u00e0 raconter : Deux s\u00e9ances de 4h seront propos\u00e9es au printemps, le samedi matin en compl\u00e9ment des cours du soir et seront consacr\u00e9es \u00e0 l&rsquo;\u00e9laboration d&rsquo;un projet collectif o\u00f9 seront sollicit\u00e9s votre imaginaire, votre cr\u00e9ativit\u00e9 et le jeu th\u00e9\u00e2tral et vocal Caf\u00e9 concert Une fois par mois \u00e0 partir du mois de novembre de 18h \u00e0 19h30, les 20\/11- 12\/03\/17- 5\/06\/17 \u00e0 la suite des nyint\u00fcns (journ\u00e9es de m\u00e9ditation),d&rsquo;autres dates seront propos\u00e9es ult\u00e9rieurement) vous \u00eates convi\u00e9s \u00e0 venir vous amuser en chansons. Nul besoin de savoir chanter, nous chanterons en groupe, n\u2019h\u00e9sitez pas \u00e0 apporter des paroles ou votre instrument pour accompagner. Entr\u00e9e libre &nbsp;<\/p>\n","protected":false},"author":2,"featured_media":0,"comment_status":"closed","ping_status":"closed","sticky":false,"template":"","format":"standard","meta":{"footnotes":""},"categories":[34,36],"tags":[6],"class_list":["post-620","post","type-post","status-publish","format-standard","hentry","category-mudra-conscience-de-lespace","category-theatre","tag-theatre"],"_links":{"self":[{"href":"https:\/\/zijiart.com\/index.php?rest_route=\/wp\/v2\/posts\/620","targetHints":{"allow":["GET"]}}],"collection":[{"href":"https:\/\/zijiart.com\/index.php?rest_route=\/wp\/v2\/posts"}],"about":[{"href":"https:\/\/zijiart.com\/index.php?rest_route=\/wp\/v2\/types\/post"}],"author":[{"embeddable":true,"href":"https:\/\/zijiart.com\/index.php?rest_route=\/wp\/v2\/users\/2"}],"replies":[{"embeddable":true,"href":"https:\/\/zijiart.com\/index.php?rest_route=%2Fwp%2Fv2%2Fcomments&post=620"}],"version-history":[{"count":11,"href":"https:\/\/zijiart.com\/index.php?rest_route=\/wp\/v2\/posts\/620\/revisions"}],"predecessor-version":[{"id":1528,"href":"https:\/\/zijiart.com\/index.php?rest_route=\/wp\/v2\/posts\/620\/revisions\/1528"}],"wp:attachment":[{"href":"https:\/\/zijiart.com\/index.php?rest_route=%2Fwp%2Fv2%2Fmedia&parent=620"}],"wp:term":[{"taxonomy":"category","embeddable":true,"href":"https:\/\/zijiart.com\/index.php?rest_route=%2Fwp%2Fv2%2Fcategories&post=620"},{"taxonomy":"post_tag","embeddable":true,"href":"https:\/\/zijiart.com\/index.php?rest_route=%2Fwp%2Fv2%2Ftags&post=620"}],"curies":[{"name":"wp","href":"https:\/\/api.w.org\/{rel}","templated":true}]}}